{"id":910,"date":"2019-07-15T20:58:41","date_gmt":"2019-07-15T20:58:41","guid":{"rendered":"http:\/\/radiotrendtopic.com.ar\/ttsports\/?p=910"},"modified":"2019-07-15T20:58:44","modified_gmt":"2019-07-15T20:58:44","slug":"banini-se-quedo-afuera-de-la-seleccion-y-se-armo-la-polemica","status":"publish","type":"post","link":"https:\/\/radiotrendtopic.com.ar\/ttsports\/banini-se-quedo-afuera-de-la-seleccion-y-se-armo-la-polemica\/","title":{"rendered":"Banini se qued\u00f3 afuera de la selecci\u00f3n y se arm\u00f3 la pol\u00e9mica."},"content":{"rendered":"\n<p>Tras quedar afuera de la lista que ir\u00e1 a los Juegos Panamericanos de Lima, la \u00ab10\u00bb descarg\u00f3 su furia y critic\u00f3 al DT Carlos Borrello.<\/p>\n\n\n\n<p>Estefan\u00eda utiliz\u00f3 su cuenta de Instagram para realizar su descargo y demostrar su dolor por la decisi\u00f3n tomada.<\/p>\n\n\n\n<p>\u00abEl cuerpo t\u00e9cnico decidi\u00f3 dejarme afuera. Ellos, quienes son los \u00fanicos que cobran, ellos que por tener diferencias han decidido darle un punto final a mi sue\u00f1o de defender a la m\u00e1s linda. El motivo de esto es muy simple: se habl\u00f3 con todo el equipo que viaj\u00f3 al Mundial ya que pensamos que ellos no est\u00e1n a la altura de lo que pretendemos\u00bb escribi\u00f3 la capitana.<\/p>\n\n\n\n<p>Con bronca y resignaci\u00f3n, la jugadora del Levante espa\u00f1ol dijo : \u00abQueremos el crecimiento real del f\u00fatbol femenino, queremos estar a la altura de las potencias! Queremos personas capacitadas con experiencia suficiente para aprender de ellos y no que al salir a jugar nos digan &#8216;nos defendemos porque no me quiero comer 11 de nuevo&#8217;. Ejemplos como \u00e9se sobran y son lamentables\u00bb<\/p>\n\n\n\n<p>En solidaridad con la capitana, Florencia Bonsegundo, quien estaba en la lista preliminar para participar de los Juegos, se baj\u00f3 porque tambi\u00e9n est\u00e1 en desacuerdo con las decisiones del cuerpo t\u00e9cnico. <\/p>\n\n\n\n<p>El conjunto \u00abAlbiceleste\u00bb clasific\u00f3 a los Juegos Panamericanos de Lima 2019 por haber terminado en el tercer puesto de la Copa Am\u00e9rica de Chile 2018. All\u00ed, integrar\u00e1 el Grupo B, junto a Panam\u00e1, Costa Rica y Per\u00fa.  En el Grupo A, en tanto, estar\u00e1n M\u00e9xico, Colombia, Paraguay y Jamaica. <\/p>\n\n\n\n<p><strong>El fixture de Argentina en el F\u00fatbol Femenino de los Juegos Panamericanos de Lima 2019:<\/strong><\/p>\n\n\n\n<p><strong>28 de julio \/ 22:30 horas \u2013 Argentina vs. Per\u00fa<br> 31 de julio \/ 15:30 horas \u2013 Argentina vs. Panam\u00e1<br> 3 de agosto \/ 15:30 horas \u2013 Argentina vs. Costa Rica<\/strong><\/p>\n","protected":false},"excerpt":{"rendered":"<p>Tras quedar afuera de la lista que ir\u00e1 a los Juegos Panamericanos de Lima, la \u00ab10\u00bb descarg\u00f3 su furia y critic\u00f3 al DT Carlos Borrello. Estefan\u00eda utiliz\u00f3 su cuenta de Instagram para realizar su descargo y demostrar su dolor por la decisi\u00f3n tomada. \u00abEl cuerpo t\u00e9cnico decidi\u00f3 dejarme afuera. Ellos, quienes son los \u00fanicos que &hellip;<\/p>\n","protected":false},"author":5,"featured_media":911,"comment_status":"closed","ping_status":"closed","sticky":false,"template":"","format":"standard","meta":[],"categories":[33,28,1],"tags":[160,243,151,311],"jetpack_featured_media_url":"https:\/\/i0.wp.com\/radiotrendtopic.com.ar\/ttsports\/wp-content\/uploads\/2019\/07\/banini.jpg?fit=1920%2C1079&ssl=1","_links":{"self":[{"href":"https:\/\/radiotrendtopic.com.ar\/ttsports\/wp-json\/wp\/v2\/posts\/910"}],"collection":[{"href":"https:\/\/radiotrendtopic.com.ar\/ttsports\/wp-json\/wp\/v2\/posts"}],"about":[{"href":"https:\/\/radiotrendtopic.com.ar\/ttsports\/wp-json\/wp\/v2\/types\/post"}],"author":[{"embeddable":true,"href":"https:\/\/radiotrendtopic.com.ar\/ttsports\/wp-json\/wp\/v2\/users\/5"}],"replies":[{"embeddable":true,"href":"https:\/\/radiotrendtopic.com.ar\/ttsports\/wp-json\/wp\/v2\/comments?post=910"}],"version-history":[{"count":5,"href":"https:\/\/radiotrendtopic.com.ar\/ttsports\/wp-json\/wp\/v2\/posts\/910\/revisions"}],"predecessor-version":[{"id":916,"href":"https:\/\/radiotrendtopic.com.ar\/ttsports\/wp-json\/wp\/v2\/posts\/910\/revisions\/916"}],"wp:featuredmedia":[{"embeddable":true,"href":"https:\/\/radiotrendtopic.com.ar\/ttsports\/wp-json\/wp\/v2\/media\/911"}],"wp:attachment":[{"href":"https:\/\/radiotrendtopic.com.ar\/ttsports\/wp-json\/wp\/v2\/media?parent=910"}],"wp:term":[{"taxonomy":"category","embeddable":true,"href":"https:\/\/radiotrendtopic.com.ar\/ttsports\/wp-json\/wp\/v2\/categories?post=910"},{"taxonomy":"post_tag","embeddable":true,"href":"https:\/\/radiotrendtopic.com.ar\/ttsports\/wp-json\/wp\/v2\/tags?post=910"}],"curies":[{"name":"wp","href":"https:\/\/api.w.org\/{rel}","templated":true}]}}