{"id":798,"date":"2019-06-21T14:29:20","date_gmt":"2019-06-21T14:29:20","guid":{"rendered":"http:\/\/radiotrendtopic.com.ar\/ttsports\/?p=798"},"modified":"2019-06-21T14:29:22","modified_gmt":"2019-06-21T14:29:22","slug":"formula-1-sale-a-subasta-una-ferrari-con-la-que-michael-schumacher-fue-campeon","status":"publish","type":"post","link":"https:\/\/radiotrendtopic.com.ar\/ttsports\/formula-1-sale-a-subasta-una-ferrari-con-la-que-michael-schumacher-fue-campeon\/","title":{"rendered":"F\u00f3rmula 1: sale a subasta una Ferrari con la que Michael Schumacher fue campe\u00f3n"},"content":{"rendered":"\n<p>El remate del auto con el que el alem\u00e1n corri\u00f3 en 2002 se realizar\u00e1 en diciembre.<\/p>\n\n\n\n<p>Durante el Gran Premio de Abu Dhabi, que se realizar\u00e1 el 1\u00b0 de diciembre, se realizar\u00e1 una subasta que tendr\u00e1 como protagonista a la Ferrari con la que Michael Schumacher se consagr\u00f3 campe\u00f3n de F\u00f3rmula 1 en 2002. Una parte de los beneficios se destinar\u00e1 a la fundaci\u00f3n Keep Fighting Never Give Up de la familia del ex piloto alem\u00e1n.<\/p>\n\n\n\n<p>Schumacher manej\u00f3 ese chasis en tres de sus once Grandes Premios de la temporada 2002, que domin\u00f3 ampliamente. Gan\u00f3 en su primera aparici\u00f3n en Imola y luego tambi\u00e9n en Austria, donde el brasile\u00f1o Rubens Barrichello levant\u00f3 por orden del equipo, a metros de la bandera a cuadros, para que su compa\u00f1ero de Ferrari consiguiera la victoria.<\/p>\n\n\n\n<p>El coche fue segundo en el Gran Premio de M\u00f3naco, donde el escoc\u00e9s David Coulthard resisti\u00f3 la presi\u00f3n de Schumacher para darle a McLaren su \u00fanica victoria de la temporada.<\/p>\n\n\n\n<p>Schumacher se consagr\u00f3 finalmente en julio, cuando gan\u00f3 en Francia para obtener su cuarta corona del mundo a seis fechas del cierre el campeonato. Ese r\u00e9cord todav\u00eda est\u00e1 vigente.<\/p>\n\n\n\n<p>El especialista en autom\u00f3viles de RM Sotheby&#8217;s, Oliver Camelin, describi\u00f3 a este auto como \u00abrealmente especial. Representa uno de los \u00faltimos autom\u00f3viles dise\u00f1ados por Rory Byrne, de la era V10, y fue como un misil guiado a la obtenci\u00f3n de victorias en el camino hacia un campeonato ganado con un dominio absoluto de las carreras\u00bb.<\/p>\n\n\n\n<p>Un Ferrari F40 con la firma de Sebastian Vettel tambi\u00e9n ser\u00e1 subastado, en este caso el s\u00e1bado del fin de semana del GP de Abu Dhabi al final de la temporada.<\/p>\n\n\n\n<p>Fuente: Clar\u00edn<\/p>\n","protected":false},"excerpt":{"rendered":"<p>El remate del auto con el que el alem\u00e1n corri\u00f3 en 2002 se realizar\u00e1 en diciembre. Durante el Gran Premio de Abu Dhabi, que se realizar\u00e1 el 1\u00b0 de diciembre, se realizar\u00e1 una subasta que tendr\u00e1 como protagonista a la Ferrari con la que Michael Schumacher se consagr\u00f3 campe\u00f3n de F\u00f3rmula 1 en 2002. Una &hellip;<\/p>\n","protected":false},"author":4,"featured_media":0,"comment_status":"closed","ping_status":"closed","sticky":false,"template":"","format":"standard","meta":[],"categories":[34,35],"tags":[],"jetpack_featured_media_url":"","_links":{"self":[{"href":"https:\/\/radiotrendtopic.com.ar\/ttsports\/wp-json\/wp\/v2\/posts\/798"}],"collection":[{"href":"https:\/\/radiotrendtopic.com.ar\/ttsports\/wp-json\/wp\/v2\/posts"}],"about":[{"href":"https:\/\/radiotrendtopic.com.ar\/ttsports\/wp-json\/wp\/v2\/types\/post"}],"author":[{"embeddable":true,"href":"https:\/\/radiotrendtopic.com.ar\/ttsports\/wp-json\/wp\/v2\/users\/4"}],"replies":[{"embeddable":true,"href":"https:\/\/radiotrendtopic.com.ar\/ttsports\/wp-json\/wp\/v2\/comments?post=798"}],"version-history":[{"count":1,"href":"https:\/\/radiotrendtopic.com.ar\/ttsports\/wp-json\/wp\/v2\/posts\/798\/revisions"}],"predecessor-version":[{"id":800,"href":"https:\/\/radiotrendtopic.com.ar\/ttsports\/wp-json\/wp\/v2\/posts\/798\/revisions\/800"}],"wp:attachment":[{"href":"https:\/\/radiotrendtopic.com.ar\/ttsports\/wp-json\/wp\/v2\/media?parent=798"}],"wp:term":[{"taxonomy":"category","embeddable":true,"href":"https:\/\/radiotrendtopic.com.ar\/ttsports\/wp-json\/wp\/v2\/categories?post=798"},{"taxonomy":"post_tag","embeddable":true,"href":"https:\/\/radiotrendtopic.com.ar\/ttsports\/wp-json\/wp\/v2\/tags?post=798"}],"curies":[{"name":"wp","href":"https:\/\/api.w.org\/{rel}","templated":true}]}}