{"id":630,"date":"2019-06-01T00:44:46","date_gmt":"2019-06-01T00:44:46","guid":{"rendered":"http:\/\/radiotrendtopic.com.ar\/ttsports\/?p=630"},"modified":"2019-06-01T00:44:49","modified_gmt":"2019-06-01T00:44:49","slug":"sale-holan-entra-beccacece","status":"publish","type":"post","link":"https:\/\/radiotrendtopic.com.ar\/ttsports\/sale-holan-entra-beccacece\/","title":{"rendered":"Sale Holan, entra Beccacece"},"content":{"rendered":"\n<p><strong>As\u00ed lo defini\u00f3 la dirigencia del Rojo, que termin\u00f3 con los rumores y tom\u00f3 una fuerte decisi\u00f3n de cara a la pr\u00f3xima temporada. <\/strong><\/p>\n\n\n\n<p style=\"text-align:left\">Despu\u00e9s de dos a\u00f1os y medio al frente del equipo, Ariel Holan fue despedido de su cargo y dej\u00f3 de ser el entrenador de Independiente, que ya tiene a su reemplazante. Ser\u00e1 Sebasti\u00e1n Beccacece, quien acaba de comunicarle a Defensa y Justicia que no continuar\u00e1.<\/p>\n\n\n\n<p>\u00abMe velaron 50 veces y sigo ac\u00e1\u00bb, declar\u00f3 el director t\u00e9cnico post victoria ante R\u00edonegro \u00c1guilas Doradas y clasificaci\u00f3n por Copa Sudamericana. Frase que disip\u00f3 los rumores de una posible salida y dio a entender que su proyecto seguir\u00eda luego del receso de invierno.<\/p>\n\n\n\n<p>Sin embargo, algunos d\u00edas despu\u00e9s, la dirigencia del conjunto de Avellaneda decidi\u00f3 no continuar con su contrato y terminar un ciclo que dej\u00f3 la obtenci\u00f3n de un t\u00edtulo continental, precisamente la Sudamericana 2017 frente a Flamengo en el m\u00edtico Maracan\u00e1.<\/p>\n\n\n\n<p>De esta forma, qued\u00f3 el camino libre para Beccacece, de gran campa\u00f1a con el Halc\u00f3n de Florencio Varela y que, luego de analizar varias opciones, ya se habr\u00eda inclinado por tomar el puesto de entrenador de Independiente.<\/p>\n\n\n\n<p>El mercado de pases de t\u00e9cnicos no solo se mueve para el Rojo. En las \u00faltimas horas, se confirm\u00f3 que Juan Antonio Pizzi retornar\u00e1 a San Lorenzo de Almagro y buscar\u00e1 cambiarle la cara al equipo que sac\u00f3 campe\u00f3n del certamen local en 2013.<\/p>\n\n\n\n<p>Fuente: Hace Instantes<\/p>\n","protected":false},"excerpt":{"rendered":"<p>As\u00ed lo defini\u00f3 la dirigencia del Rojo, que termin\u00f3 con los rumores y tom\u00f3 una fuerte decisi\u00f3n de cara a la pr\u00f3xima temporada. Despu\u00e9s de dos a\u00f1os y medio al frente del equipo, Ariel Holan fue despedido de su cargo y dej\u00f3 de ser el entrenador de Independiente, que ya tiene a su reemplazante. Ser\u00e1 &hellip;<\/p>\n","protected":false},"author":5,"featured_media":631,"comment_status":"closed","ping_status":"closed","sticky":false,"template":"","format":"standard","meta":[],"categories":[27,4],"tags":[255,254,49],"jetpack_featured_media_url":"https:\/\/i0.wp.com\/radiotrendtopic.com.ar\/ttsports\/wp-content\/uploads\/2019\/05\/Ariel-Holan-Hace-Instantes.jpg?fit=929%2C523&ssl=1","_links":{"self":[{"href":"https:\/\/radiotrendtopic.com.ar\/ttsports\/wp-json\/wp\/v2\/posts\/630"}],"collection":[{"href":"https:\/\/radiotrendtopic.com.ar\/ttsports\/wp-json\/wp\/v2\/posts"}],"about":[{"href":"https:\/\/radiotrendtopic.com.ar\/ttsports\/wp-json\/wp\/v2\/types\/post"}],"author":[{"embeddable":true,"href":"https:\/\/radiotrendtopic.com.ar\/ttsports\/wp-json\/wp\/v2\/users\/5"}],"replies":[{"embeddable":true,"href":"https:\/\/radiotrendtopic.com.ar\/ttsports\/wp-json\/wp\/v2\/comments?post=630"}],"version-history":[{"count":1,"href":"https:\/\/radiotrendtopic.com.ar\/ttsports\/wp-json\/wp\/v2\/posts\/630\/revisions"}],"predecessor-version":[{"id":632,"href":"https:\/\/radiotrendtopic.com.ar\/ttsports\/wp-json\/wp\/v2\/posts\/630\/revisions\/632"}],"wp:featuredmedia":[{"embeddable":true,"href":"https:\/\/radiotrendtopic.com.ar\/ttsports\/wp-json\/wp\/v2\/media\/631"}],"wp:attachment":[{"href":"https:\/\/radiotrendtopic.com.ar\/ttsports\/wp-json\/wp\/v2\/media?parent=630"}],"wp:term":[{"taxonomy":"category","embeddable":true,"href":"https:\/\/radiotrendtopic.com.ar\/ttsports\/wp-json\/wp\/v2\/categories?post=630"},{"taxonomy":"post_tag","embeddable":true,"href":"https:\/\/radiotrendtopic.com.ar\/ttsports\/wp-json\/wp\/v2\/tags?post=630"}],"curies":[{"name":"wp","href":"https:\/\/api.w.org\/{rel}","templated":true}]}}