{"id":439,"date":"2019-05-15T18:15:52","date_gmt":"2019-05-15T18:15:52","guid":{"rendered":"http:\/\/radiotrendtopic.com.ar\/ttsports\/?p=439"},"modified":"2019-05-15T18:15:55","modified_gmt":"2019-05-15T18:15:55","slug":"el-cronograma-del-super-tc2000-en-el-villicum","status":"publish","type":"post","link":"https:\/\/radiotrendtopic.com.ar\/ttsports\/el-cronograma-del-super-tc2000-en-el-villicum\/","title":{"rendered":"EL CRONOGRAMA DEL S\u00daPER TC2000 EN EL VILLICUM"},"content":{"rendered":"\n\n\n<p>El S\u00faper TC2000 disputar\u00e1 la tercera fecha del calendario en el Villicum de San Juan y el comienzo de la actividad ser\u00e1 el viernes. Conoc\u00e9 el cronograma.<\/p>\n\n\n\n<p>Por primera vez el Villicum de San Juan ser\u00e1 sede del S\u00faper TC2000 en el marco de la tercera competencia de la temporada 2019. Luego de las victorias de Leonel Pern\u00eda en Alta Gracia y General Roca, la categor\u00eda disputar\u00e1 una nueva fecha acompa\u00f1ado de la F\u00f3rmula 2.0 Renault y de la Fiat Competizione.<\/p>\n\n\n\n<p>La actividad oficial para el S\u00faper TC2000 comenzar\u00e1 el viernes con una tanda libre de 20 minutos que, seguramente, servir\u00e1 para que los equipos contin\u00faen evolucionando sus autos y, a su vez, los pilotos conozcan el circuito.<\/p>\n\n\n\n<p>Fuente: Carburando<\/p>\n","protected":false},"excerpt":{"rendered":"<p>El S\u00faper TC2000 disputar\u00e1 la tercera fecha del calendario en el Villicum de San Juan y el comienzo de la actividad ser\u00e1 el viernes. Conoc\u00e9 el cronograma. Por primera vez el Villicum de San Juan ser\u00e1 sede del S\u00faper TC2000 en el marco de la tercera competencia de la temporada 2019. Luego de las victorias &hellip;<\/p>\n","protected":false},"author":4,"featured_media":442,"comment_status":"closed","ping_status":"closed","sticky":false,"template":"","format":"standard","meta":[],"categories":[34,35],"tags":[],"jetpack_featured_media_url":"https:\/\/i0.wp.com\/radiotrendtopic.com.ar\/ttsports\/wp-content\/uploads\/2019\/05\/villicum_0.jpg?fit=2000%2C620&ssl=1","_links":{"self":[{"href":"https:\/\/radiotrendtopic.com.ar\/ttsports\/wp-json\/wp\/v2\/posts\/439"}],"collection":[{"href":"https:\/\/radiotrendtopic.com.ar\/ttsports\/wp-json\/wp\/v2\/posts"}],"about":[{"href":"https:\/\/radiotrendtopic.com.ar\/ttsports\/wp-json\/wp\/v2\/types\/post"}],"author":[{"embeddable":true,"href":"https:\/\/radiotrendtopic.com.ar\/ttsports\/wp-json\/wp\/v2\/users\/4"}],"replies":[{"embeddable":true,"href":"https:\/\/radiotrendtopic.com.ar\/ttsports\/wp-json\/wp\/v2\/comments?post=439"}],"version-history":[{"count":1,"href":"https:\/\/radiotrendtopic.com.ar\/ttsports\/wp-json\/wp\/v2\/posts\/439\/revisions"}],"predecessor-version":[{"id":443,"href":"https:\/\/radiotrendtopic.com.ar\/ttsports\/wp-json\/wp\/v2\/posts\/439\/revisions\/443"}],"wp:featuredmedia":[{"embeddable":true,"href":"https:\/\/radiotrendtopic.com.ar\/ttsports\/wp-json\/wp\/v2\/media\/442"}],"wp:attachment":[{"href":"https:\/\/radiotrendtopic.com.ar\/ttsports\/wp-json\/wp\/v2\/media?parent=439"}],"wp:term":[{"taxonomy":"category","embeddable":true,"href":"https:\/\/radiotrendtopic.com.ar\/ttsports\/wp-json\/wp\/v2\/categories?post=439"},{"taxonomy":"post_tag","embeddable":true,"href":"https:\/\/radiotrendtopic.com.ar\/ttsports\/wp-json\/wp\/v2\/tags?post=439"}],"curies":[{"name":"wp","href":"https:\/\/api.w.org\/{rel}","templated":true}]}}