{"id":3235,"date":"2024-06-03T22:42:05","date_gmt":"2024-06-03T22:42:05","guid":{"rendered":"https:\/\/radiotrendtopic.com.ar\/ttsports\/?p=3235"},"modified":"2024-06-03T22:44:15","modified_gmt":"2024-06-03T22:44:15","slug":"partidos-de-la-seleccion-argentina-dias-horarios-tv-y-todo-lo-que-hay-que-saber-de-los-amistosos","status":"publish","type":"post","link":"https:\/\/radiotrendtopic.com.ar\/ttsports\/partidos-de-la-seleccion-argentina-dias-horarios-tv-y-todo-lo-que-hay-que-saber-de-los-amistosos\/","title":{"rendered":"Partidos de la selecci\u00f3n argentina: d\u00edas, horarios, TV y todo lo que hay que saber de los amistosos."},"content":{"rendered":"\n<p>El equipo albiceleste enfrentar\u00e1 a Ecuador y Guatemala antes de debutar en la Copa Am\u00e9rica de Estados Unidos: le servir\u00e1n al DT Lionel Scaloni para depurar la lista.<\/p>\n\n\n\n<p>La selecci\u00f3n argentina concentra y entrena en Miami, Estados Unidos, de cara a la Copa Am\u00e9rica 2024 en la que debutar\u00e1 el 20 de junio luego de disputar dos amistosos de preparaci\u00f3n ante Ecuador y Guatemala. El primero de esos juegos preparatorios ser\u00e1 el domingo 9 de junio desde las 20 (hora argentina) vs. la Tri en el estadio Soldier Field de Chicago. Cinco d\u00edas despu\u00e9s, el viernes 14 a las 21 (hora argentina), enfrentar\u00e1 al combinado centroamericano en el recinto FedEX Field de Washington DC.<\/p>\n\n\n\n<p>Si bien todav\u00eda no se oficializ\u00f3, ambos duelos se transmitir\u00e1n en vivo por TyC Sports, el canal que cuenta con los derechos del combinado nacional. En ese contexto, los encuentros se podr\u00e1n ver online en las plataformas digital TyC Sports Play, Flow, DGO y Telecentro Play. Adem\u00e1s, en canchallena se podr\u00e1 seguir el minuto a minuto de cada cotejo con informaci\u00f3n y estad\u00edsticas actualizadas al instante.<\/p>\n\n\n\n<p>La lista de convocados<br>Arqueros (3): Emiliano \u2018Dibu\u2019 Mart\u00ednez, Franco Armani y Ger\u00f3nimo Rulli.<br>Defensores (11): Gonzalo Montiel, Nahuel Molina, Nicol\u00e1s Tagliafico, Marcos Acu\u00f1a, Leonardo Balerdi, Cristian Romero, Germ\u00e1n Pezzella, Nicol\u00e1s Otamendi, Lucas Mart\u00ednez Quarta, Lisandro Mart\u00ednez y Valent\u00edn Barco.<br>Mediocampistas (9): Guido Rodr\u00edguez, Leandro Paredes, Alexis Mac Allister, Rodrigo De Paul, Enzo Fern\u00e1ndez, Exequiel Palacios, Giovani Lo Celso, Nicol\u00e1s Gonz\u00e1lez y Valent\u00edn Carboni.<br>Delanteros (6): \u00c1ngel Di Mar\u00eda, Lionel Messi, Lautaro Mart\u00ednez, Juli\u00e1n \u00c1lvarez, \u00c1ngel Correa y Alejandro Garnacho.<br>Ambos amistosos ser\u00e1n claves para aquellos jugadores que pujan por un lugar en el plantel que disputar\u00e1 el certamen continental. M\u00e1s all\u00e1 de la posici\u00f3n en la que se desempe\u00f1an, hay seis nombres que pelean por tres cupos: Valent\u00edn Barco, Valent\u00edn Carboni, \u00c1ngel Correa, Leonardo Balerdi, Lucas Mart\u00ednez Quarta y Guido Rodr\u00edguez.<\/p>\n\n\n\n<p>El resto de los futbolistas, a excepci\u00f3n de alg\u00fan contratiempo f\u00edsico, son una fija y entre ellos est\u00e1n Lionel Messi, \u00c1ngel Di Mar\u00eda, Emiliano \u2018Dibu\u2019 Mart\u00ednez, Leandro Paredes, Rodrigo De Paul, Enzo Fern\u00e1ndez, Alexis Mac Allister, Nicol\u00e1s Otamendi, Cristian Romero, Lautaro Mart\u00ednez y Juli\u00e1n \u00c1lvarez, por mencionar algunos. El gran ausente es Paulo Dybala quien, m\u00e1s all\u00e1 de las lesiones que sufre recurrentemente, tuvo una excelente temporada en la Serie A en la que fue el m\u00e1ximo asistidor y elegido como el mejor jugador del mes en tres ocasiones, r\u00e9cord absoluto en la competencia.<\/p>\n\n\n\n<p>Fuente: La Naci\u00f3n Deportes.<\/p>\n\n\n\n<p>Foto Gentiliza de Getty Images<\/p>\n\n\n\n<p>Programa completo ac\u00e1 <a href=\"https:\/\/www.spreaker.com\/episode\/tt-sports-ep3-lagarto-fleitas-me-cure-de-un-cancer-pensando-en-volver-a-la-cancha--60193156 \">https:\/\/www.spreaker.com\/episode\/tt-sports-ep3-lagarto-fleitas-me-cure-de-un-cancer-pensando-en-volver-a-la-cancha&#8211;60193156 <\/a> <\/p>\n","protected":false},"excerpt":{"rendered":"<p>El equipo albiceleste enfrentar\u00e1 a Ecuador y Guatemala antes de debutar en la Copa Am\u00e9rica de Estados Unidos: le servir\u00e1n al DT Lionel Scaloni para depurar la lista. La selecci\u00f3n argentina concentra y entrena en Miami, Estados Unidos, de cara a la Copa Am\u00e9rica 2024 en la que debutar\u00e1 el 20 de junio luego de &hellip;<\/p>\n","protected":false},"author":4,"featured_media":3236,"comment_status":"closed","ping_status":"closed","sticky":false,"template":"","format":"standard","meta":[],"categories":[4],"tags":[],"jetpack_featured_media_url":"https:\/\/i0.wp.com\/radiotrendtopic.com.ar\/ttsports\/wp-content\/uploads\/2024\/06\/gettyimages-1450082551-612x612-1.jpg?fit=612%2C414&ssl=1","_links":{"self":[{"href":"https:\/\/radiotrendtopic.com.ar\/ttsports\/wp-json\/wp\/v2\/posts\/3235"}],"collection":[{"href":"https:\/\/radiotrendtopic.com.ar\/ttsports\/wp-json\/wp\/v2\/posts"}],"about":[{"href":"https:\/\/radiotrendtopic.com.ar\/ttsports\/wp-json\/wp\/v2\/types\/post"}],"author":[{"embeddable":true,"href":"https:\/\/radiotrendtopic.com.ar\/ttsports\/wp-json\/wp\/v2\/users\/4"}],"replies":[{"embeddable":true,"href":"https:\/\/radiotrendtopic.com.ar\/ttsports\/wp-json\/wp\/v2\/comments?post=3235"}],"version-history":[{"count":3,"href":"https:\/\/radiotrendtopic.com.ar\/ttsports\/wp-json\/wp\/v2\/posts\/3235\/revisions"}],"predecessor-version":[{"id":3239,"href":"https:\/\/radiotrendtopic.com.ar\/ttsports\/wp-json\/wp\/v2\/posts\/3235\/revisions\/3239"}],"wp:featuredmedia":[{"embeddable":true,"href":"https:\/\/radiotrendtopic.com.ar\/ttsports\/wp-json\/wp\/v2\/media\/3236"}],"wp:attachment":[{"href":"https:\/\/radiotrendtopic.com.ar\/ttsports\/wp-json\/wp\/v2\/media?parent=3235"}],"wp:term":[{"taxonomy":"category","embeddable":true,"href":"https:\/\/radiotrendtopic.com.ar\/ttsports\/wp-json\/wp\/v2\/categories?post=3235"},{"taxonomy":"post_tag","embeddable":true,"href":"https:\/\/radiotrendtopic.com.ar\/ttsports\/wp-json\/wp\/v2\/tags?post=3235"}],"curies":[{"name":"wp","href":"https:\/\/api.w.org\/{rel}","templated":true}]}}