{"id":3152,"date":"2021-12-07T18:16:51","date_gmt":"2021-12-07T18:16:51","guid":{"rendered":"https:\/\/radiotrendtopic.com.ar\/ttsports\/?p=3152"},"modified":"2021-12-07T18:16:53","modified_gmt":"2021-12-07T18:16:53","slug":"eduardo-pizzo-el-chiqui-tapia-me-salvo-la-vida","status":"publish","type":"post","link":"https:\/\/radiotrendtopic.com.ar\/ttsports\/eduardo-pizzo-el-chiqui-tapia-me-salvo-la-vida\/","title":{"rendered":"Eduardo Pizzo: \u00abEl Chiqui Tapia me salv\u00f3 la vida\u00bb"},"content":{"rendered":"\n<p><strong>Eduardo Pizzo, exentrenador de Sacachispas, que estuvo gravemente enfermo por COVID-19, convers\u00f3 con&nbsp;Juan Pablo Francia&nbsp;y&nbsp;Renzo Masciotra&nbsp;en el aire de&nbsp;TT Sports,&nbsp;emitido por&nbsp;Radio Trend Topic.<br><br>Habl\u00f3 sobre su internaci\u00f3n, cont\u00f3 detalles de los d\u00edas transitando esta enfermedad, expres\u00f3 su deseo de volver a estar ligado al f\u00fatbol lo antes posible, se mostr\u00f3 contento por el presente de Sacachispas y asegur\u00f3 que Claudio Tapia le salv\u00f3 la vida por su r\u00e1pido accionar para conseguirle una cama de UTI.<br><br>Por Mat\u00edas Monteagudo.<\/strong><\/p>\n\n\n\n<p>El viernes 16 de abril, <strong><em>Eduardo Pizzo<\/em><\/strong>, quien en ese entonces era el DT del \u00abLila\u00bb, tuvo que ser internado a causa del COVID-19. En aquel momento, adem\u00e1s de la preocupaci\u00f3n por su estado de salud, tambi\u00e9n se hab\u00eda generado una gran controversia porque desde el club hab\u00edan emitido un comunicado informando que el entrenador ser\u00eda destituido de su cargo debido a su enfermedad. Afortunadamente, el problema fue aclarado y, despu\u00e9s de meses de incertidumbre, <strong><em>Pizzo<\/em><\/strong> asegur\u00f3 que se encuentra muy bien de salud y, as\u00ed como lo hizo <a href=\"https:\/\/radiotrendtopic.com.ar\/ttsports\/roberto-larrosa-tapia-nos-consiguio-la-cama-para-internar-a-pizzo\/\">Roberto Larrosa, el presidente de Saca, en di\u00e1logo con TT Sports en abril<\/a>, tambi\u00e9n se mostr\u00f3 muy agradecido por el r\u00e1pido accionar del mandam\u00e1s de la AFA para conseguirle una cama de UTI: <strong>\u201cQuiero agradecerle al Chiqui Tapia porque con su decisi\u00f3n me salv\u00f3 la vida\u201d.<\/strong><\/p>\n\n\n\n<p>Recordando sus dif\u00edciles d\u00edas internado en el Sanatorio Finochietto, destac\u00f3 la vital importancia del f\u00fatbol para ayudarlo a salir adelante: <strong>\u201cEl f\u00fatbol era mi motor para salir de la cl\u00ednica. El olor a pasto, el f\u00fatbol, el vestuario, los jugadores. Todo eso es la gasolina que te da la fortaleza para seguir peleando\u201d<\/strong>.<\/p>\n\n\n\n<p>Adem\u00e1s, dej\u00f3 notar su emoci\u00f3n por su recuperaci\u00f3n y remarc\u00f3 el valioso sost\u00e9n que fue su familia: <strong>\u201cSiento que volv\u00ed a nacer. Voy a festejar mi cumplea\u00f1os nuevamente. El viernes anterior al d\u00eda del padre sal\u00ed de la cl\u00ednica, y pude pasar el d\u00eda con mi familia\u201d<\/strong>.<\/p>\n\n\n\n<p>En cuanto a la posibilidad de volver a trabajar, <strong><em>Pizzo<\/em><\/strong> no ocult\u00f3 su deseo de regresar al ambiente en el que pas\u00f3 toda su vida: <strong>\u201cRespirar f\u00fatbol es lo que amo. Mi profesi\u00f3n es lo que amo. Estar ligado al f\u00fatbol es lo que amo. Mi anhelo es volver a estar ligado lo antes posible, en la funci\u00f3n que sea\u201d<\/strong>.<\/p>\n\n\n\n<p>Por \u00faltimo, expres\u00f3 su felicidad por el presente del conjunto de Villa Soldati, que definir\u00e1 el \u00faltimo ascenso a la Primera Nacional frente a Colegiales, otro exequipo del entrenador: <strong>\u201cYo le adelant\u00e9 al presidente que Sacachispas iba a pelear el ascenso. El trabajo de Lemos es brillante. Cuando uno arma bien el equipo, tiene la garant\u00eda de que va a tener un gran a\u00f1o\u201d<\/strong>.<\/p>\n\n\n\n<p><strong>ESCUCH\u00c1 LA ENTREVISTA COMPLETA AC\u00c1:<\/strong><\/p>\n\n\n\n<iframe loading=\"lazy\" width=\"100%\" height=\"65px\" scrolling=\"no\" frameborder=\"no\" src=\"\/\/ar.radiocut.fm\/audiocut\/embed\/mini\/eduardo-pizzo-exentrenador-sacachispas-en-ttsports-por-radiotrendtopic\/\"><\/iframe>\n","protected":false},"excerpt":{"rendered":"<p>Eduardo Pizzo, exentrenador de Sacachispas, que estuvo gravemente enfermo por COVID-19, convers\u00f3 con&nbsp;Juan Pablo Francia&nbsp;y&nbsp;Renzo Masciotra&nbsp;en el aire de&nbsp;TT Sports,&nbsp;emitido por&nbsp;Radio Trend Topic.Habl\u00f3 sobre su internaci\u00f3n, cont\u00f3 detalles de los d\u00edas transitando esta enfermedad, expres\u00f3 su deseo de volver a estar ligado al f\u00fatbol lo antes posible, se mostr\u00f3 contento por el presente de Sacachispas &hellip;<\/p>\n","protected":false},"author":5,"featured_media":3156,"comment_status":"closed","ping_status":"closed","sticky":false,"template":"","format":"standard","meta":[],"categories":[36],"tags":[164,21,208,673,63,2599,584,1361,1425,1735,2101,45,329,2598,395,597,10,549,66,2600,20,1855],"jetpack_featured_media_url":"https:\/\/i0.wp.com\/radiotrendtopic.com.ar\/ttsports\/wp-content\/uploads\/2021\/12\/pz.jpg?fit=1256%2C618&ssl=1","_links":{"self":[{"href":"https:\/\/radiotrendtopic.com.ar\/ttsports\/wp-json\/wp\/v2\/posts\/3152"}],"collection":[{"href":"https:\/\/radiotrendtopic.com.ar\/ttsports\/wp-json\/wp\/v2\/posts"}],"about":[{"href":"https:\/\/radiotrendtopic.com.ar\/ttsports\/wp-json\/wp\/v2\/types\/post"}],"author":[{"embeddable":true,"href":"https:\/\/radiotrendtopic.com.ar\/ttsports\/wp-json\/wp\/v2\/users\/5"}],"replies":[{"embeddable":true,"href":"https:\/\/radiotrendtopic.com.ar\/ttsports\/wp-json\/wp\/v2\/comments?post=3152"}],"version-history":[{"count":6,"href":"https:\/\/radiotrendtopic.com.ar\/ttsports\/wp-json\/wp\/v2\/posts\/3152\/revisions"}],"predecessor-version":[{"id":3161,"href":"https:\/\/radiotrendtopic.com.ar\/ttsports\/wp-json\/wp\/v2\/posts\/3152\/revisions\/3161"}],"wp:featuredmedia":[{"embeddable":true,"href":"https:\/\/radiotrendtopic.com.ar\/ttsports\/wp-json\/wp\/v2\/media\/3156"}],"wp:attachment":[{"href":"https:\/\/radiotrendtopic.com.ar\/ttsports\/wp-json\/wp\/v2\/media?parent=3152"}],"wp:term":[{"taxonomy":"category","embeddable":true,"href":"https:\/\/radiotrendtopic.com.ar\/ttsports\/wp-json\/wp\/v2\/categories?post=3152"},{"taxonomy":"post_tag","embeddable":true,"href":"https:\/\/radiotrendtopic.com.ar\/ttsports\/wp-json\/wp\/v2\/tags?post=3152"}],"curies":[{"name":"wp","href":"https:\/\/api.w.org\/{rel}","templated":true}]}}