{"id":1843,"date":"2020-06-18T15:35:52","date_gmt":"2020-06-18T15:35:52","guid":{"rendered":"http:\/\/radiotrendtopic.com.ar\/ttsports\/?p=1843"},"modified":"2020-06-18T15:36:19","modified_gmt":"2020-06-18T15:36:19","slug":"agustin-vernice-si-se-dieran-por-cancelados-los-juegos-olimpicos-seria-devastador","status":"publish","type":"post","link":"https:\/\/radiotrendtopic.com.ar\/ttsports\/agustin-vernice-si-se-dieran-por-cancelados-los-juegos-olimpicos-seria-devastador\/","title":{"rendered":"Agust\u00edn Vernice: \u00abSi se dieran por cancelados los Juegos Ol\u00edmpicos, ser\u00eda devastador\u00bb"},"content":{"rendered":"\n<p><strong>El olavarriense que obtuvo dos medallas de oro en canotaje en los Juegos Panamericanos de Lima 2019 y clasific\u00f3 a los Juegos Ol\u00edmpicos de Tokio convers\u00f3 con TT Sports, por Radio Trend Topic. <\/strong><\/p>\n\n\n\n<p>Tras m\u00e1s de 80 d\u00edas de aislamiento social, preventivo y obligatorio, los y las deportistas con boletos a Tokio 2020 finalmente recibieron la autorizaci\u00f3n necesaria para ser eximidos de la cuarentena y, as\u00ed, poder retomar sus entrenamientos. Agust\u00edn Vernice, palista de 24 a\u00f1os, cont\u00f3 la forma en la que atraves\u00f3 el per\u00edodo sin pr\u00e1cticas de alto nivel: <em>\u00abComo mucho he tenido 2 o 3 semanas de vacaciones, esto que est\u00e1bamos viviendo es muy complicado\u00bb<\/em>. Y agreg\u00f3: <em>\u00abLa \u00faltima vez que par\u00e9 tanto tiempos, un mes esa vez, fue a los 17 a\u00f1os. El baldazo de agua fr\u00eda fue cuando empez\u00f3 la <\/em><a href=\"https:\/\/twitter.com\/hashtag\/cuarentena?src=hashtag_click\"><em>#cuarentena<\/em><\/a><em>, me fui familiarizando y me fui adaptando. Antes ped\u00eda que alguien me despierte\u00bb.<\/em><br><br>En cuanto a la forma de sobrellevar el parate y la necesidad de retomar la preparaci\u00f3n rumbo a Tokio, Vernice afirm\u00f3: <em>\u00abNunca dud\u00e9 en seguir o abandonar. Siempre voy a estar para dar pelea. Detr\u00e1s m\u00edo hay toda una estructura de trabajo que me banca\u00bb. <\/em>Y continu\u00f3: \u00ab<em>Sigo con miedo, pero la esperanza la mantengo. Ser\u00eda devastador si anuncian que los Juegos Ol\u00edmpicos se postergan devuelta\u00bb. <\/em><br><br>Y a la hora de analizar el punto de quiebre en la decisi\u00f3n y consideraci\u00f3n de la Secretaria de Deportes de la Naci\u00f3n respecto de la posibilidad de que los y las deportistas retomen sus entrenamientos, Vernice se\u00f1al\u00f3: \u00abNo creo que los dichos de Delfina <a href=\"https:\/\/twitter.com\/hashtag\/Pignatello?src=hashtag_click\">#Pignatello<\/a> hayan sido la \u00fanica raz\u00f3n para que podamos entrenar. Hay muchos referentes m\u00e1s como <a href=\"https:\/\/twitter.com\/hashtag\/Pareto?src=hashtag_click\">#Pareto<\/a>\u00ab. Y concluy\u00f3: <em>\u00abEstuvimos siempre todos unidos\u00bb. <\/em><br><br><strong>ESCUCH\u00c1 LA ENTREVISTA COMPLETA AC\u00c1: <\/strong><br><\/p>\n\n\n\n<iframe loading=\"lazy\" width=\"100%\" height=\"65px\" scrolling=\"no\" frameborder=\"no\" src=\"\/\/radiocut.fm\/audiocut\/embed\/mini\/agustin-vernice-palista-clasificado-a-jjoo-tokio-en-ttsports-por-radiotrendtopic\/\" ><\/iframe>\n","protected":false},"excerpt":{"rendered":"<p>El olavarriense que obtuvo dos medallas de oro en canotaje en los Juegos Panamericanos de Lima 2019 y clasific\u00f3 a los Juegos Ol\u00edmpicos de Tokio convers\u00f3 con TT Sports, por Radio Trend Topic. Tras m\u00e1s de 80 d\u00edas de aislamiento social, preventivo y obligatorio, los y las deportistas con boletos a Tokio 2020 finalmente recibieron &hellip;<\/p>\n","protected":false},"author":5,"featured_media":1846,"comment_status":"closed","ping_status":"closed","sticky":false,"template":"","format":"standard","meta":[],"categories":[36,35],"tags":[429,1057,191,1059,159,392,395,198,325,1056,1055,1058,19,210,10,549,538,613,20,431],"jetpack_featured_media_url":"https:\/\/i0.wp.com\/radiotrendtopic.com.ar\/ttsports\/wp-content\/uploads\/2020\/06\/vernice-canotaje_862x485.jpg?fit=862%2C485&ssl=1","_links":{"self":[{"href":"https:\/\/radiotrendtopic.com.ar\/ttsports\/wp-json\/wp\/v2\/posts\/1843"}],"collection":[{"href":"https:\/\/radiotrendtopic.com.ar\/ttsports\/wp-json\/wp\/v2\/posts"}],"about":[{"href":"https:\/\/radiotrendtopic.com.ar\/ttsports\/wp-json\/wp\/v2\/types\/post"}],"author":[{"embeddable":true,"href":"https:\/\/radiotrendtopic.com.ar\/ttsports\/wp-json\/wp\/v2\/users\/5"}],"replies":[{"embeddable":true,"href":"https:\/\/radiotrendtopic.com.ar\/ttsports\/wp-json\/wp\/v2\/comments?post=1843"}],"version-history":[{"count":1,"href":"https:\/\/radiotrendtopic.com.ar\/ttsports\/wp-json\/wp\/v2\/posts\/1843\/revisions"}],"predecessor-version":[{"id":1847,"href":"https:\/\/radiotrendtopic.com.ar\/ttsports\/wp-json\/wp\/v2\/posts\/1843\/revisions\/1847"}],"wp:featuredmedia":[{"embeddable":true,"href":"https:\/\/radiotrendtopic.com.ar\/ttsports\/wp-json\/wp\/v2\/media\/1846"}],"wp:attachment":[{"href":"https:\/\/radiotrendtopic.com.ar\/ttsports\/wp-json\/wp\/v2\/media?parent=1843"}],"wp:term":[{"taxonomy":"category","embeddable":true,"href":"https:\/\/radiotrendtopic.com.ar\/ttsports\/wp-json\/wp\/v2\/categories?post=1843"},{"taxonomy":"post_tag","embeddable":true,"href":"https:\/\/radiotrendtopic.com.ar\/ttsports\/wp-json\/wp\/v2\/tags?post=1843"}],"curies":[{"name":"wp","href":"https:\/\/api.w.org\/{rel}","templated":true}]}}