{"id":1833,"date":"2020-06-16T03:56:42","date_gmt":"2020-06-16T03:56:42","guid":{"rendered":"http:\/\/radiotrendtopic.com.ar\/ttsports\/?p=1833"},"modified":"2020-06-23T16:29:19","modified_gmt":"2020-06-23T16:29:19","slug":"donato-villani-hoy-por-hoy-es-imposible-pensar-en-el-regreso-a-los-entrenamientos-del-futbol","status":"publish","type":"post","link":"https:\/\/radiotrendtopic.com.ar\/ttsports\/donato-villani-hoy-por-hoy-es-imposible-pensar-en-el-regreso-a-los-entrenamientos-del-futbol\/","title":{"rendered":"Donato Villani: \u201cHoy por hoy, es imposible pensar en el regreso a los entrenamientos del f\u00fatbol\u00bb"},"content":{"rendered":"\n<p><strong>Donato Villani, m\u00e9dico de la AFA, calific\u00f3 como \u201cuna idea alocada\u201d la propuesta de trasladar el f\u00fatbol a provincias con menor \u00edndice de contagio. Adem\u00e1s, asever\u00f3: \u201c<\/strong><em><strong>La decisi\u00f3n de AFA es no moverse de lo que dicta el Gobierno\u201d<\/strong><\/em><strong>. Lo dijo en TT Sports, por Radio Trend Topic. <\/strong><\/p>\n\n\n\n<p><strong>Por Ignacio Sonder\u00e9guer.<\/strong><\/p>\n\n\n\n<p>En estos d\u00edas de tantas preguntas y tan pocas respuestas, son menos a\u00fan las voces autorizadas que aparecen en el escenario p\u00fablico para echar luz a la incertidumbre actual por la que atraviesa la organizaci\u00f3n del f\u00fatbol argentino. <em>\u00abEs muy dif\u00edcil contagiarse jugando al f\u00fatbol. Pero s\u00ed es muy posible que el virus entre a un vestuario y contagie. Entonces, es impensado que el f\u00fatbol argentino est\u00e9 en condiciones de empezar a entrenar<\/em>\u00ab, explic\u00f3 de manera contundente, con conocimiento de causa por pertenecer al departamento de salud de la asociaci\u00f3n presidida por el Chiqui Tapia. <\/p>\n\n\n\n<p>Hace unos d\u00edas, el Ministerio de Turismo y Deportes emiti\u00f3 un comunicado oficial en el que informaba que los deportistas clasificados a los Juegos Ol\u00edmpicos de Tokio 2021 pueden volver a entrenar. Tal medida es posible solo si se presenta junto con un protocolo sanitario, que debe ser previamente aprobado por el Ministerio de Salud. Sobre esta cuesti\u00f3n, aclar\u00f3: <em>\u201cHacer un protocolo es muy f\u00e1cil y el f\u00fatbol argentino ha adherido al protocolo de FIFA. Pero lo podremos utilizar cuando se decida entrenar. Y la decisi\u00f3n de AFA es adaptarse a lo que dicta el Gobierno\u00bb<\/em>. <\/p>\n\n\n\n<p>Una idea que circul\u00f3 en los \u00faltimos tiempos es trasladar las competencias a las zonas menos afectadas del pa\u00eds. El gobernador de Jujuy, Gerardo Morales, se pronunci\u00f3 al respecto invitando a los dirigentes de AFA a pensar en esa posibilidad. <em>\u00abSi viviera en las zonas en las que hay menos contagios, no me gustar\u00eda mucho que vaya gente. Es una idea un poco alocada llevar el f\u00fatbol del AMBA a algunas provincias. No resiste comentario\u00bb<\/em>, reflexion\u00f3 Donato, siguiendo la misma l\u00ednea que el Ministro de Salud de la Naci\u00f3n, Gin\u00e9s Gonz\u00e1lez Garc\u00eda.<\/p>\n\n\n\n<p>A modo de reflexi\u00f3n, el entrevistado pregunt\u00f3: <em>\u00ab\u00bfAlguien sabe en Argentina cuando ser\u00e1 el pico?\u00bb<\/em>. Luego, para ponerle punto final al tema, dijo sin ning\u00fan filtro: \u00ab<em>Es imposible poner una fecha para el regreso del f\u00fatbol\u00bb<\/em>. <\/p>\n\n\n\n<p><strong>ESCUCH\u00c1 ENTREVISTA COMPLETA AC\u00c1:<\/strong><\/p>\n\n\n\n<iframe loading=\"lazy\" width=\"100%\" height=\"65px\" scrolling=\"no\" frameborder=\"no\" src=\"\/\/ar.radiocut.fm\/audiocut\/embed\/mini\/donato-villani-medico-afa-en-ttsports-por-radiotrendtopic\/\"><\/iframe>\n\n\n\n<p><\/p>\n","protected":false},"excerpt":{"rendered":"<p>Donato Villani, m\u00e9dico de la AFA, calific\u00f3 como \u201cuna idea alocada\u201d la propuesta de trasladar el f\u00fatbol a provincias con menor \u00edndice de contagio. Adem\u00e1s, asever\u00f3: \u201cLa decisi\u00f3n de AFA es no moverse de lo que dicta el Gobierno\u201d. Lo dijo en TT Sports, por Radio Trend Topic. Por Ignacio Sonder\u00e9guer. En estos d\u00edas de &hellip;<\/p>\n","protected":false},"author":5,"featured_media":1834,"comment_status":"closed","ping_status":"closed","sticky":false,"template":"","format":"standard","meta":[],"categories":[36,4],"tags":[1044,1047,584,1039,1042,45,1046,1041,1040,531,395,1043,1045,10,549,20],"jetpack_featured_media_url":"https:\/\/i0.wp.com\/radiotrendtopic.com.ar\/ttsports\/wp-content\/uploads\/2020\/06\/Cream-and-Black-Pitch-Deck-Presentation-1-1.png?fit=1920%2C1080&ssl=1","_links":{"self":[{"href":"https:\/\/radiotrendtopic.com.ar\/ttsports\/wp-json\/wp\/v2\/posts\/1833"}],"collection":[{"href":"https:\/\/radiotrendtopic.com.ar\/ttsports\/wp-json\/wp\/v2\/posts"}],"about":[{"href":"https:\/\/radiotrendtopic.com.ar\/ttsports\/wp-json\/wp\/v2\/types\/post"}],"author":[{"embeddable":true,"href":"https:\/\/radiotrendtopic.com.ar\/ttsports\/wp-json\/wp\/v2\/users\/5"}],"replies":[{"embeddable":true,"href":"https:\/\/radiotrendtopic.com.ar\/ttsports\/wp-json\/wp\/v2\/comments?post=1833"}],"version-history":[{"count":3,"href":"https:\/\/radiotrendtopic.com.ar\/ttsports\/wp-json\/wp\/v2\/posts\/1833\/revisions"}],"predecessor-version":[{"id":1867,"href":"https:\/\/radiotrendtopic.com.ar\/ttsports\/wp-json\/wp\/v2\/posts\/1833\/revisions\/1867"}],"wp:featuredmedia":[{"embeddable":true,"href":"https:\/\/radiotrendtopic.com.ar\/ttsports\/wp-json\/wp\/v2\/media\/1834"}],"wp:attachment":[{"href":"https:\/\/radiotrendtopic.com.ar\/ttsports\/wp-json\/wp\/v2\/media?parent=1833"}],"wp:term":[{"taxonomy":"category","embeddable":true,"href":"https:\/\/radiotrendtopic.com.ar\/ttsports\/wp-json\/wp\/v2\/categories?post=1833"},{"taxonomy":"post_tag","embeddable":true,"href":"https:\/\/radiotrendtopic.com.ar\/ttsports\/wp-json\/wp\/v2\/tags?post=1833"}],"curies":[{"name":"wp","href":"https:\/\/api.w.org\/{rel}","templated":true}]}}