{"id":1825,"date":"2020-06-13T19:00:53","date_gmt":"2020-06-13T19:00:53","guid":{"rendered":"http:\/\/radiotrendtopic.com.ar\/ttsports\/?p=1825"},"modified":"2020-06-13T19:00:54","modified_gmt":"2020-06-13T19:00:54","slug":"ivan-ramirez-muchos-jugadores-tienen-miedo-de-que-los-clubes-no-los-necesiten","status":"publish","type":"post","link":"https:\/\/radiotrendtopic.com.ar\/ttsports\/ivan-ramirez-muchos-jugadores-tienen-miedo-de-que-los-clubes-no-los-necesiten\/","title":{"rendered":"Iv\u00e1n Ram\u00edrez : \u00abMuchos jugadores tienen miedo de que los clubes no los necesiten\u00bb"},"content":{"rendered":"\n<p><strong>El volante de Gimnasia y Esgrima de Mendoza, equipo de la provincia que hoy se encuentra en conflicto con la Asociaci\u00f3n del F\u00fatbol Argentino, estuvo en TT Sports, por Radio Trend Topic.  <\/strong><em><strong>\u00abNo es correcto lo de Godoy Cruz. Si se permite hasta diez personas y eran trece, ya est\u00e1 mal. Y empezar a entrenar cuando desde AFA no se permiti\u00f3 es querer burlar la l\u00ednea que est\u00e1n bajando\u00bb.<\/strong><\/em><strong> opin\u00f3 Iv\u00e1n. <\/strong><\/p>\n\n\n\n<p><strong>Por Ignacio Sonder\u00e9guer<\/strong>.<\/p>\n\n\n\n<p>Argentina lleva, al d\u00eda de hoy, 85 d\u00edas desde que se decret\u00f3 el Aislamiento social, preventivo y obligatorio.  Ha pasado un tiempo suficiente como para sacar una conclusi\u00f3n de las estad\u00edsticas actuales.: la pandemia no afect\u00f3 de manera homog\u00e9nea a todo el territorio nacional. Repasemos unos datos para ilustrar la cuesti\u00f3n. El Gran Buenos Aires y CABA, juntos, re\u00fanen 25 253 casos confirmados de un total de 28 764 en todo el pa\u00eds -es decir, un 87% se concentra en todo Buenos Aires aproximadamente-. El otro extremo es Catamarca con 0 casos confirmados. <\/p>\n\n\n\n<p>Esta semana, el gobierno de Mendoza -con 98 casos confirmados- habilit\u00f3 para toda su regi\u00f3n la posibilidad de volver a hacer actividades f\u00edsicas. Lo que permite, naturalmente, el regreso de los entrenamientos de los clubes de f\u00fatbol. Pero desde AFA impidieron que eso suceda. <em>\u00abEs contradictorio que AFA no nos deje entrenar. Salimos a correr igualmente, pero en la calle, en vez del predio con el resto del equipo\u00bb<\/em>, cont\u00f3 el entrevistado.  De hecho, en Mendoza no hay m\u00e1s restricciones, la gente puede salir a diario. Tanto \u00e9l como el resto de sus compa\u00f1eros no ven el motivo por el cual no podr\u00edan regresar a trabajar.  <em>\u00abNo es una ventaja el hecho de volver a entrenar antes que el resto del pa\u00eds. Ser\u00eda solo una comodidad\u00bb<\/em>, opin\u00f3. Sin embargo, \u00e9l asegur\u00f3 que las medidas deben ser acatadas y tom\u00f3 distancia de la postura asumida por Godoy Cruz. <\/p>\n\n\n\n<p>El problema es que el 30 de junio se acerca, fecha en que vencen muchos contratos. Esta situaci\u00f3n preocupa al com\u00fan de los jugadores. Al respecto, Iv\u00e1n cont\u00f3: <em>\u00abYo he tenido llamados que me aseguran mi continuidad. Pero hay muchos compa\u00f1eros que est\u00e1n con el miedo de que los clubes no le renueven\u00bb<\/em>.  La paciencia se termina, la incertidumbre contin\u00faa y los jugadores necesitan una fecha de regreso. El acuerdo de Agremiados y AFA que permite una extensi\u00f3n de seis meses de contrato no garantiza la continuidad de ninguno: \u00ab<em>no es la soluci\u00f3n\u00bb<\/em>, determin\u00f3. \u00ab<em>Entiendo que la prioridad sea la salud pero trabajar es salud tambi\u00e9n\u00bb,<\/em> agreg\u00f3. Sin un horizonte definido ni descensos por delante, la dirigencia de cada club posterga hasta donde puede la decisi\u00f3n de renovarle a sus empleados. <\/p>\n\n\n\n<p><strong>ESCUCH\u00c1 LA ENTREVISTA COMPLETA AC\u00c1:<\/strong><\/p>\n\n\n\n<iframe loading=\"lazy\" width=\"100%\" height=\"65px\" scrolling=\"no\" frameborder=\"no\" src=\"\/\/radiocut.fm\/audiocut\/embed\/mini\/ivan-ramirez-mediocampista-gimnasiademendoza-en-ttsports-por-radiotrendtopic\/\" ><\/iframe>\n","protected":false},"excerpt":{"rendered":"<p>El volante de Gimnasia y Esgrima de Mendoza, equipo de la provincia que hoy se encuentra en conflicto con la Asociaci\u00f3n del F\u00fatbol Argentino, estuvo en TT Sports, por Radio Trend Topic. \u00abNo es correcto lo de Godoy Cruz. Si se permite hasta diez personas y eran trece, ya est\u00e1 mal. Y empezar a entrenar &hellip;<\/p>\n","protected":false},"author":5,"featured_media":1826,"comment_status":"closed","ping_status":"closed","sticky":false,"template":"","format":"standard","meta":[],"categories":[25,36,4],"tags":[164,933,1032,1030,458,1035,1027,482,1033,1028,904,286,1029,1031,1034,576],"jetpack_featured_media_url":"https:\/\/i0.wp.com\/radiotrendtopic.com.ar\/ttsports\/wp-content\/uploads\/2020\/06\/Cream-and-Black-Pitch-Deck-Presentation.png?fit=1920%2C1080&ssl=1","_links":{"self":[{"href":"https:\/\/radiotrendtopic.com.ar\/ttsports\/wp-json\/wp\/v2\/posts\/1825"}],"collection":[{"href":"https:\/\/radiotrendtopic.com.ar\/ttsports\/wp-json\/wp\/v2\/posts"}],"about":[{"href":"https:\/\/radiotrendtopic.com.ar\/ttsports\/wp-json\/wp\/v2\/types\/post"}],"author":[{"embeddable":true,"href":"https:\/\/radiotrendtopic.com.ar\/ttsports\/wp-json\/wp\/v2\/users\/5"}],"replies":[{"embeddable":true,"href":"https:\/\/radiotrendtopic.com.ar\/ttsports\/wp-json\/wp\/v2\/comments?post=1825"}],"version-history":[{"count":2,"href":"https:\/\/radiotrendtopic.com.ar\/ttsports\/wp-json\/wp\/v2\/posts\/1825\/revisions"}],"predecessor-version":[{"id":1828,"href":"https:\/\/radiotrendtopic.com.ar\/ttsports\/wp-json\/wp\/v2\/posts\/1825\/revisions\/1828"}],"wp:featuredmedia":[{"embeddable":true,"href":"https:\/\/radiotrendtopic.com.ar\/ttsports\/wp-json\/wp\/v2\/media\/1826"}],"wp:attachment":[{"href":"https:\/\/radiotrendtopic.com.ar\/ttsports\/wp-json\/wp\/v2\/media?parent=1825"}],"wp:term":[{"taxonomy":"category","embeddable":true,"href":"https:\/\/radiotrendtopic.com.ar\/ttsports\/wp-json\/wp\/v2\/categories?post=1825"},{"taxonomy":"post_tag","embeddable":true,"href":"https:\/\/radiotrendtopic.com.ar\/ttsports\/wp-json\/wp\/v2\/tags?post=1825"}],"curies":[{"name":"wp","href":"https:\/\/api.w.org\/{rel}","templated":true}]}}