{"id":1785,"date":"2020-05-30T19:17:44","date_gmt":"2020-05-30T19:17:44","guid":{"rendered":"http:\/\/radiotrendtopic.com.ar\/ttsports\/?p=1785"},"modified":"2020-05-30T20:01:04","modified_gmt":"2020-05-30T20:01:04","slug":"julieta-alves-muchas-chicas-fueron-presionadas-para-no-firmar-por-que-meter-miedo-si-solo-pedimos-mejor-comunicacion","status":"publish","type":"post","link":"https:\/\/radiotrendtopic.com.ar\/ttsports\/julieta-alves-muchas-chicas-fueron-presionadas-para-no-firmar-por-que-meter-miedo-si-solo-pedimos-mejor-comunicacion\/","title":{"rendered":"Julieta Alves: \u201cMuchas chicas fueron presionadas para no firmar. \u00bfPor qu\u00e9 meter miedo si solo pedimos mejor comunicaci\u00f3n?\u201d"},"content":{"rendered":"\n<p><strong>En TT Sports, por Radio Trend Topic, tuvimos la oportunidad de conversar con Julieta Alves, futbolista de Defensa y Justicia e impulsora de Ascenso Colectivo, un espacio de jugadoras de la Segunda Divisi\u00f3n que remiti\u00f3 una carta dirigida a Claudio Tapia, Presidente de la AFA. <\/strong><em><strong>\u201cTuvimos que llegar a esta instancia y ahora todos se acordaron que pod\u00edamos hablar por tel\u00e9fono<\/strong><\/em><strong>\u201d, dijo.&nbsp;<\/strong><\/p>\n\n\n\n<p><strong>Por Ignacio Sonder\u00e9guer.<\/strong><\/p>\n\n\n\n<p>Hace unos d\u00edas fue publicado el reclamo de Ascenso Colectivo en @Futunidasarg (cuenta de <em>Instagram<\/em> de Futbolistas Unidas Argentinas) que, principalmente, denuncia el pobre nivel de comunicaci\u00f3n que manejan los dirigentes. Cito textual una parte del escrito: <em>\u201c[..] Nos remitimos, por ejemplo, a la creaci\u00f3n de la Copa Argentina el pasado febrero 2020. La misma no fue informada a ning\u00fan club de la Primera Divisi\u00f3n \u201cB\u201d al comienzo de la temporada, y se notific\u00f3 su desarrollo estando el torneo en etapas definitorias\u201d<\/em>. En la \u00faltima resoluci\u00f3n oficial de hace dos meses -en el cual se daba por terminada la temporada- se destinaron solo dos renglones al f\u00fatbol femenino. \u201c<em>Imaginate las categor\u00edas m\u00e1s bajas\u201d, <\/em>agreg\u00f3 Julieta. Desde ah\u00ed, solo hubo rumores como que habr\u00eda una <em>\u201creestructuracion de la categor\u00eda donde equipos que no puedan sustentarse ser\u00edan descendidos y los que puedan solventar la actividad ser\u00edan invitados a Primera Divisi\u00f3n, o que los dos primeros equipos de la tabla ascender\u00edan autom\u00e1ticamente\u201d, <\/em>entre tantas otras. Versiones que nacen, por ejemplo, de \u201c<em>un t\u00e9cnico que habl\u00f3 con un dirigente\u201d <\/em>pero que despu\u00e9s terminan siendo desestimadas. El grupo militante surge para combatir a la desinformaci\u00f3n. \u201c<em>Queremos estar juntas y en sinton\u00eda<\/em>. <em>Somos las protagonistas, ponemos el cuerpo y somos siempre las \u00faltimas en enterarnos de todo\u201d, <\/em>lament\u00f3.<\/p>\n\n\n\n<p>La joven futbolista trabaja en paralelo en un comercio, su verdadera fuente de trabajo. La segunda divisi\u00f3n del f\u00fatbol femenino es amateur y cada club tiene sus posibilidades. Por eso ella destaca el rol del grupo<em>: \u201cSer un colectivo es reclamar la carencia de una como la de todas no solo pensar lo que le falta a uno, por un bien com\u00fan\u201d<\/em>. Ella es tambi\u00e9n licenciada en psicolog\u00eda, profesi\u00f3n que tuvo que poner temporalmente a un costado por falta de tiempo. Se imagina en un futuro combinando sus pasiones en el \u00e1mbito de la psicolog\u00eda deportiva. <em>\u201cEl futbolista siente el parate como una especie de lesi\u00f3n, es una angustia o depresi\u00f3n si no estas fuerte de mente porque falta la adrenalina de la competencia\u201d, <\/em>analiz\u00f3<em>. <\/em>Su consejo: <em>\u201cMantener una rutina y horarios con objetivos, aprovechar el tiempo, ocuparlo. Si es posible, tomar un poco de distancia de las noticias que alimentan la paranoia con el aumento de casos\u201d.<\/em><\/p>\n\n\n\n<p><\/p>\n\n\n\n<figure class=\"wp-block-image\"><img loading=\"lazy\" width=\"1280\" height=\"1280\" src=\"https:\/\/i0.wp.com\/radiotrendtopic.com.ar\/ttsports\/wp-content\/uploads\/2020\/05\/WhatsApp-Image-2020-05-30-at-16.23.52.jpeg?fit=618%2C618\" alt=\"\" class=\"wp-image-1789\" srcset=\"https:\/\/i0.wp.com\/radiotrendtopic.com.ar\/ttsports\/wp-content\/uploads\/2020\/05\/WhatsApp-Image-2020-05-30-at-16.23.52.jpeg?w=1280&amp;ssl=1 1280w, https:\/\/i0.wp.com\/radiotrendtopic.com.ar\/ttsports\/wp-content\/uploads\/2020\/05\/WhatsApp-Image-2020-05-30-at-16.23.52.jpeg?resize=150%2C150&amp;ssl=1 150w, https:\/\/i0.wp.com\/radiotrendtopic.com.ar\/ttsports\/wp-content\/uploads\/2020\/05\/WhatsApp-Image-2020-05-30-at-16.23.52.jpeg?resize=300%2C300&amp;ssl=1 300w, https:\/\/i0.wp.com\/radiotrendtopic.com.ar\/ttsports\/wp-content\/uploads\/2020\/05\/WhatsApp-Image-2020-05-30-at-16.23.52.jpeg?resize=768%2C768&amp;ssl=1 768w, https:\/\/i0.wp.com\/radiotrendtopic.com.ar\/ttsports\/wp-content\/uploads\/2020\/05\/WhatsApp-Image-2020-05-30-at-16.23.52.jpeg?resize=1024%2C1024&amp;ssl=1 1024w\" sizes=\"(max-width: 618px) 100vw, 618px\" \/><figcaption><strong> Comunicado de Ascenso Colectivo, publicado en la cuenta de Instagram de Futbolistas Unidas Argentinas <\/strong><\/figcaption><\/figure>\n\n\n\n<p><strong>ESCUCH\u00c1 LA ENTREVISTA COMPLETA AC\u00c1:<\/strong><\/p>\n\n\n\n<iframe loading=\"lazy\" width=\"100%\" height=\"65px\" scrolling=\"no\" frameborder=\"no\" src=\"\/\/ar.radiocut.fm\/audiocut\/embed\/mini\/julieta-alves-psicologa-y-futbolista-defensayjusticia-en-ttsports-por-radiotrendtopic\/\"><\/iframe>\n","protected":false},"excerpt":{"rendered":"<p>En TT Sports, por Radio Trend Topic, tuvimos la oportunidad de conversar con Julieta Alves, futbolista de Defensa y Justicia e impulsora de Ascenso Colectivo, un espacio de jugadoras de la Segunda Divisi\u00f3n que remiti\u00f3 una carta dirigida a Claudio Tapia, Presidente de la AFA. \u201cTuvimos que llegar a esta instancia y ahora todos se &hellip;<\/p>\n","protected":false},"author":5,"featured_media":1786,"comment_status":"closed","ping_status":"closed","sticky":false,"template":"","format":"standard","meta":[],"categories":[25,36,4,33],"tags":[164,208,994,599,993,86,885,992,10,995,20],"jetpack_featured_media_url":"https:\/\/i0.wp.com\/radiotrendtopic.com.ar\/ttsports\/wp-content\/uploads\/2020\/05\/Cream-and-Black-Pitch-Deck-Presentation-2.png?fit=1920%2C1080&ssl=1","_links":{"self":[{"href":"https:\/\/radiotrendtopic.com.ar\/ttsports\/wp-json\/wp\/v2\/posts\/1785"}],"collection":[{"href":"https:\/\/radiotrendtopic.com.ar\/ttsports\/wp-json\/wp\/v2\/posts"}],"about":[{"href":"https:\/\/radiotrendtopic.com.ar\/ttsports\/wp-json\/wp\/v2\/types\/post"}],"author":[{"embeddable":true,"href":"https:\/\/radiotrendtopic.com.ar\/ttsports\/wp-json\/wp\/v2\/users\/5"}],"replies":[{"embeddable":true,"href":"https:\/\/radiotrendtopic.com.ar\/ttsports\/wp-json\/wp\/v2\/comments?post=1785"}],"version-history":[{"count":6,"href":"https:\/\/radiotrendtopic.com.ar\/ttsports\/wp-json\/wp\/v2\/posts\/1785\/revisions"}],"predecessor-version":[{"id":1796,"href":"https:\/\/radiotrendtopic.com.ar\/ttsports\/wp-json\/wp\/v2\/posts\/1785\/revisions\/1796"}],"wp:featuredmedia":[{"embeddable":true,"href":"https:\/\/radiotrendtopic.com.ar\/ttsports\/wp-json\/wp\/v2\/media\/1786"}],"wp:attachment":[{"href":"https:\/\/radiotrendtopic.com.ar\/ttsports\/wp-json\/wp\/v2\/media?parent=1785"}],"wp:term":[{"taxonomy":"category","embeddable":true,"href":"https:\/\/radiotrendtopic.com.ar\/ttsports\/wp-json\/wp\/v2\/categories?post=1785"},{"taxonomy":"post_tag","embeddable":true,"href":"https:\/\/radiotrendtopic.com.ar\/ttsports\/wp-json\/wp\/v2\/tags?post=1785"}],"curies":[{"name":"wp","href":"https:\/\/api.w.org\/{rel}","templated":true}]}}