{"id":1492,"date":"2020-04-05T22:43:33","date_gmt":"2020-04-05T22:43:33","guid":{"rendered":"http:\/\/radiotrendtopic.com.ar\/ttsports\/?p=1492"},"modified":"2020-04-05T22:43:35","modified_gmt":"2020-04-05T22:43:35","slug":"daniel-neculman-la-gente-no-tiene-que-creer-que-los-futbolistas-somos-todos-millonarios","status":"publish","type":"post","link":"https:\/\/radiotrendtopic.com.ar\/ttsports\/daniel-neculman-la-gente-no-tiene-que-creer-que-los-futbolistas-somos-todos-millonarios\/","title":{"rendered":"Daniel N\u00e9culman: \u00abLa gente no tiene que creer que los futbolistas somos todos millonarios\u00bb"},"content":{"rendered":"\n<p><strong>El delantero argentino que milita en Deportivo Cuenca de Ecuador, Daniel N\u00e9culman, dialog\u00f3 a distancia con TT Sports, por Radio Trend Topic, y describi\u00f3 la complejidad del escenario que vive el pueblo ecuatoriano. <\/strong> <strong>\u00abEn <\/strong><a href=\"https:\/\/twitter.com\/hashtag\/Argentina?src=hashtag_click\"><strong>Argentina<\/strong><\/a><strong> se tomaron medidas m\u00e1s r\u00e1pidas. Ac\u00e1, la situaci\u00f3n se desbord\u00f3 de un momento a otro y eso fue porque la gente no cumpl\u00eda la <\/strong><a href=\"https:\/\/twitter.com\/hashtag\/cuarentena?src=hashtag_click\"><strong>cuarentena<\/strong><\/a><strong>\u00ab, dijo. Adem\u00e1s, sent\u00f3 su postura respecto de la situaci\u00f3n econ\u00f3mica del f\u00fatbol. <\/strong><\/p>\n\n\n\n<p>En Ecuador, m\u00e1s precisamente en la ciudad de Guayaquil, la preocupaci\u00f3n por los efectos del coronavirus aumenta conforme se incrementa el n\u00famero de casos y decesos. Desde Cuenca, una regi\u00f3n menos castigada por la pandamia, Daniel N\u00e9culman, exjugador de la CAI de C\u00f3modoro Rivadavia y con pasos por el f\u00fatbol de Chile y Colombia, reconstruy\u00f3: <em>\u00abLa situaci\u00f3n de <\/em><a href=\"https:\/\/twitter.com\/hashtag\/Ecuador?src=hashtag_click\"><em>#Ecuador<\/em><\/a><em> es cr\u00edtica. Un colapso total del sistema hospitalario. En la ciudad en la que estoy, los cotagios han sido menos, pero en <\/em><a href=\"https:\/\/twitter.com\/hashtag\/Guayaquil?src=hashtag_click\"><em>#Guayaquil<\/em><\/a><em> es un caos\u00bb <\/em>. Y agreg\u00f3: <em>\u00abHay mucha gente que no est\u00e1 siendo asistida y que fallece en su casa o en la calle. La situaci\u00f3n se fue de las manos porque, en <\/em><a href=\"https:\/\/twitter.com\/hashtag\/Ecuador?src=hashtag_click\"><em>#Ecuador<\/em><\/a><em>, no supieron controlarla a tiempo\u00bb<\/em>. <br><br>En cuanto a la forma en la que se vive la cuarentena en la Rep\u00fablica del Ecuador, N\u00e9culman cont\u00f3: \u00abTengo un nene de cuatro a\u00f1os y, con mi familia, llevamos 16 d\u00edas de <a href=\"https:\/\/twitter.com\/hashtag\/cuarentena?src=hashtag_click\">#cuarentena<\/a> cumpliendola de dos de la tarde a cinco de la ma\u00f1ana. Es tedioso, pero la gente lo respeta\u00bb. Y, a prop\u00f3sito de las dificultades econ\u00f3micas que afrontan trabajadores, trabajadoras y deportistas, expres\u00f3: <em>\u00abLa situaci\u00f3n va m\u00e1s all\u00e1 del f\u00fatbol y los salarios. Hay que entender y analizar qui\u00e9nes pueden ayudar y qui\u00e9nes no. Lo que dijo <\/em><a href=\"https:\/\/twitter.com\/hashtag\/T%C3%A9vez?src=hashtag_click\"><em>#T\u00e9vez<\/em><\/a><em> me toc\u00f3 por la generalizaci\u00f3n\u00bb . <\/em><br><br>Carlos T\u00e9vez, el \u00eddolo de Boca Juniors reivindicado como tal tras la obtenci\u00f3n del t\u00edtulo en la \u00faltima Superliga, hab\u00eda dado a entender que los jugadores de f\u00fatbol pueden soportar seis meses con el salario m\u00ednimo. Acerca de esas declaraciones del denominado \u00abjugador del pueblo\u00bb, Daniel N\u00e9culman, lejos de su tierra pero con la cercan\u00eda de quien supo pisar canchas argentinas, afirm\u00f3: <em>\u00abSoy futbolista como <\/em><a href=\"https:\/\/twitter.com\/hashtag\/T%C3%A9vez?src=hashtag_click\"><em>#T\u00e9vez<\/em><\/a><em>, quiz\u00e1 de menor nivel, pero me ha tocado jugar en muchos pa\u00edses. Y \u00e9l generaliz\u00f3. Muchos jugadores van a entrenar y, despu\u00e9s, a trabajar\u00bb<\/em>. Y ampli\u00f3: <em>\u00abLa gente no tiene que creer que los futbolistas somos todos millonarios, que vivimos en mansiones o que tenemos la vida resuelta. Muchos viven realidades dif\u00edciles\u00bb. <\/em><br><br>En relaci\u00f3n a esas repetidas declaraciones de Carlos T\u00e9vez, Daniel N\u00e9culman realiz\u00f3 una publicaci\u00f3n en su cuenta personal de Twitter. Y, para aclarar su intenci\u00f3n, concluy\u00f3: <em>\u00abEs necesario que se haga un an\u00e1lisis m\u00e1s profundo para entender que no todos vivimos la misma realidad econ\u00f3mica. Por eso escrib\u00ed sobre las palabras de <\/em><a href=\"https:\/\/twitter.com\/hashtag\/T%C3%A9vez?src=hashtag_click\"><em>#T\u00e9vez<\/em><\/a><em>\u00ab. <\/em><br><br><strong>ESCUCH\u00c1 LA ENTREVISTA COMPLETA AC\u00c1: <\/strong><br><\/p>\n\n\n\n<iframe loading=\"lazy\" width=\"100%\" height=\"65px\" scrolling=\"no\" frameborder=\"no\" src=\"\/\/radiocut.fm\/audiocut\/embed\/mini\/daniel-neculman-delantero-argentino-deportivocuenca-en-ttsports-por-radiotrendtopic\/\" ><\/iframe>\n","protected":false},"excerpt":{"rendered":"<p>El delantero argentino que milita en Deportivo Cuenca de Ecuador, Daniel N\u00e9culman, dialog\u00f3 a distancia con TT Sports, por Radio Trend Topic, y describi\u00f3 la complejidad del escenario que vive el pueblo ecuatoriano. \u00abEn Argentina se tomaron medidas m\u00e1s r\u00e1pidas. Ac\u00e1, la situaci\u00f3n se desbord\u00f3 de un momento a otro y eso fue porque la &hellip;<\/p>\n","protected":false},"author":7,"featured_media":1495,"comment_status":"closed","ping_status":"closed","sticky":false,"template":"","format":"standard","meta":[],"categories":[36],"tags":[164,680,208,165,211,681,577,584,683,679,682,305,45,684,395,325,674,597,18,47,73,19,10,58,81,134,20],"jetpack_featured_media_url":"https:\/\/i0.wp.com\/radiotrendtopic.com.ar\/ttsports\/wp-content\/uploads\/2020\/04\/Neculman-Superdeportivo.jpg?fit=960%2C540&ssl=1","_links":{"self":[{"href":"https:\/\/radiotrendtopic.com.ar\/ttsports\/wp-json\/wp\/v2\/posts\/1492"}],"collection":[{"href":"https:\/\/radiotrendtopic.com.ar\/ttsports\/wp-json\/wp\/v2\/posts"}],"about":[{"href":"https:\/\/radiotrendtopic.com.ar\/ttsports\/wp-json\/wp\/v2\/types\/post"}],"author":[{"embeddable":true,"href":"https:\/\/radiotrendtopic.com.ar\/ttsports\/wp-json\/wp\/v2\/users\/7"}],"replies":[{"embeddable":true,"href":"https:\/\/radiotrendtopic.com.ar\/ttsports\/wp-json\/wp\/v2\/comments?post=1492"}],"version-history":[{"count":1,"href":"https:\/\/radiotrendtopic.com.ar\/ttsports\/wp-json\/wp\/v2\/posts\/1492\/revisions"}],"predecessor-version":[{"id":1496,"href":"https:\/\/radiotrendtopic.com.ar\/ttsports\/wp-json\/wp\/v2\/posts\/1492\/revisions\/1496"}],"wp:featuredmedia":[{"embeddable":true,"href":"https:\/\/radiotrendtopic.com.ar\/ttsports\/wp-json\/wp\/v2\/media\/1495"}],"wp:attachment":[{"href":"https:\/\/radiotrendtopic.com.ar\/ttsports\/wp-json\/wp\/v2\/media?parent=1492"}],"wp:term":[{"taxonomy":"category","embeddable":true,"href":"https:\/\/radiotrendtopic.com.ar\/ttsports\/wp-json\/wp\/v2\/categories?post=1492"},{"taxonomy":"post_tag","embeddable":true,"href":"https:\/\/radiotrendtopic.com.ar\/ttsports\/wp-json\/wp\/v2\/tags?post=1492"}],"curies":[{"name":"wp","href":"https:\/\/api.w.org\/{rel}","templated":true}]}}